{"id":1912,"date":"2026-08-31T09:29:34","date_gmt":"2026-08-31T07:29:34","guid":{"rendered":"https:\/\/schuetzenverein-eisingen.de\/?p=1912"},"modified":"2026-08-31T09:34:30","modified_gmt":"2026-08-31T07:34:30","slug":"schuetzenverein-eisingen-begeistert-beim-kelter-und-winzerfest-2026","status":"publish","type":"post","link":"https:\/\/schuetzenverein-eisingen.de\/?p=1912","title":{"rendered":"Sch\u00fctzenverein Eisingen begeistert beim Kelter- und Winzerfest 2026"},"content":{"rendered":"\n<h5 class=\"wp-block-heading\"><strong>Volles Haus an der Schie\u00dfbude, tolle Stimmung und gro\u00dfes Interesse am Vereinsleben<\/strong><br><\/h5>\n\n\n\n<p class=\"wp-block-paragraph\">Am 29. und 30. August 2026 verwandelte sich Eisingen wieder in einen lebendigen Treffpunkt f\u00fcr Jung und Alt. Beim <strong>26. Eisinger Kelter- und Winzerfest<\/strong>, das von der Gemeinde Eisingen gemeinsam mit den \u00f6rtlichen Vereinen veranstaltet wurde, durfte nat\u00fcrlich auch der <strong>Sch\u00fctzenverein Eisingen<\/strong> nicht fehlen. Mit seiner beliebten Schie\u00dfbude sorgte der Verein an beiden Festtagen f\u00fcr viele Besucher, jede Menge Schie\u00dfspa\u00df und beste Unterhaltung.<\/p>\n\n\n\n<p class=\"wp-block-paragraph\">Bereits zur feierlichen Er\u00f6ffnung am Samstagnachmittag durch B\u00fcrgermeister <strong>Sascha-Felipe Hottinger<\/strong>, die Vereinsvorsitzenden und die Ehreng\u00e4ste war die Vorfreude auf das Fest deutlich sp\u00fcrbar. Bei gutem Festwetter f\u00fcllten sich die Pl\u00e4tze rund um die Kelter schnell mit Besuchern, die das vielf\u00e4ltige Programm und die zahlreichen Angebote der Vereine genie\u00dfen wollten.<\/p>\n\n\n\n<figure class=\"wp-block-gallery has-nested-images columns-default is-cropped wp-block-gallery-1 is-layout-flex wp-block-gallery-is-layout-flex\">\n<figure class=\"wp-block-image size-large\"><img loading=\"lazy\" decoding=\"async\" width=\"820\" height=\"1024\" data-id=\"1921\" src=\"https:\/\/schuetzenverein-eisingen.de\/wp-content\/uploads\/2026\/08\/IMG_3329-1-820x1024.jpeg\" alt=\"\" class=\"wp-image-1921\" srcset=\"https:\/\/schuetzenverein-eisingen.de\/wp-content\/uploads\/2026\/08\/IMG_3329-1-820x1024.jpeg 820w, https:\/\/schuetzenverein-eisingen.de\/wp-content\/uploads\/2026\/08\/IMG_3329-1-240x300.jpeg 240w, https:\/\/schuetzenverein-eisingen.de\/wp-content\/uploads\/2026\/08\/IMG_3329-1-768x958.jpeg 768w, https:\/\/schuetzenverein-eisingen.de\/wp-content\/uploads\/2026\/08\/IMG_3329-1-1231x1536.jpeg 1231w, https:\/\/schuetzenverein-eisingen.de\/wp-content\/uploads\/2026\/08\/IMG_3329-1-1641x2048.jpeg 1641w\" sizes=\"auto, (max-width: 820px) 100vw, 820px\" \/><\/figure>\n\n\n\n<figure class=\"wp-block-image size-large\"><img loading=\"lazy\" decoding=\"async\" width=\"768\" height=\"1024\" data-id=\"1919\" src=\"https:\/\/schuetzenverein-eisingen.de\/wp-content\/uploads\/2026\/08\/IMG_3331-768x1024-1.jpeg\" alt=\"\" class=\"wp-image-1919\" srcset=\"https:\/\/schuetzenverein-eisingen.de\/wp-content\/uploads\/2026\/08\/IMG_3331-768x1024-1.jpeg 768w, https:\/\/schuetzenverein-eisingen.de\/wp-content\/uploads\/2026\/08\/IMG_3331-225x300-1.jpeg 225w, https:\/\/schuetzenverein-eisingen.de\/wp-content\/uploads\/2026\/08\/IMG_3331-432x576-1.jpeg 432w, https:\/\/schuetzenverein-eisingen.de\/wp-content\/uploads\/2026\/08\/IMG_3331-1152x1536-1.jpeg 1152w, https:\/\/schuetzenverein-eisingen.de\/wp-content\/uploads\/2026\/08\/IMG_3331-1536x2048-1.jpeg 1536w, https:\/\/schuetzenverein-eisingen.de\/wp-content\/uploads\/2026\/08\/IMG_3331-scaled-1.jpeg 1920w\" sizes=\"auto, (max-width: 768px) 100vw, 768px\" \/><\/figure>\n\n\n\n<figure class=\"wp-block-image size-large\"><img loading=\"lazy\" decoding=\"async\" width=\"1024\" height=\"628\" data-id=\"1920\" src=\"https:\/\/schuetzenverein-eisingen.de\/wp-content\/uploads\/2026\/08\/IMG_3332-1-1024x628.jpeg\" alt=\"\" class=\"wp-image-1920\" srcset=\"https:\/\/schuetzenverein-eisingen.de\/wp-content\/uploads\/2026\/08\/IMG_3332-1-1024x628.jpeg 1024w, https:\/\/schuetzenverein-eisingen.de\/wp-content\/uploads\/2026\/08\/IMG_3332-1-300x184.jpeg 300w, https:\/\/schuetzenverein-eisingen.de\/wp-content\/uploads\/2026\/08\/IMG_3332-1-766x470.jpeg 766w, https:\/\/schuetzenverein-eisingen.de\/wp-content\/uploads\/2026\/08\/IMG_3332-1-1536x942.jpeg 1536w, https:\/\/schuetzenverein-eisingen.de\/wp-content\/uploads\/2026\/08\/IMG_3332-1-2048x1256.jpeg 2048w\" sizes=\"auto, (max-width: 1024px) 100vw, 1024px\" \/><\/figure>\n<\/figure>\n\n\n\n<p class=\"wp-block-paragraph\">Ein besonderer Anziehungspunkt war dabei die Schie\u00dfbude des Sch\u00fctzenvereins. Zahlreiche G\u00e4ste nutzten die Gelegenheit, ihr Geschick unter Beweis zu stellen und ihr Gl\u00fcck auf die begehrten Sachpreise zu versuchen. Von Jung bis Alt herrschte reger Betrieb, und immer wieder konnten sich gl\u00fcckliche Gewinner \u00fcber attraktive Preise freuen. Die Spannung bei jedem Schuss und die Freude \u00fcber gelungene Treffer sorgten f\u00fcr viele strahlende Gesichter.<\/p>\n\n\n\n<p class=\"wp-block-paragraph\">Neben dem sportlichen Aspekt standen vor allem die Begegnungen und Gespr\u00e4che im Mittelpunkt. Die Mitglieder des Sch\u00fctzenvereins kamen mit vielen interessierten Besuchern ins Gespr\u00e4ch und konnten spannende Einblicke in das Vereinsleben geben. Dabei zeigte sich, dass das Interesse am Schie\u00dfsport und an der Gemeinschaft im Verein ungebrochen ist. Viele Besucher informierten sich \u00fcber Trainingsm\u00f6glichkeiten, Veranstaltungen und die vielf\u00e4ltigen Aktivit\u00e4ten des Vereins.<\/p>\n\n\n\n<figure class=\"wp-block-gallery has-nested-images columns-default is-cropped wp-block-gallery-2 is-layout-flex wp-block-gallery-is-layout-flex\">\n<figure class=\"wp-block-image size-large\"><img loading=\"lazy\" decoding=\"async\" width=\"1024\" height=\"768\" data-id=\"1924\" src=\"https:\/\/schuetzenverein-eisingen.de\/wp-content\/uploads\/2026\/08\/IMG_3326-1024x768.jpeg\" alt=\"\" class=\"wp-image-1924\" srcset=\"https:\/\/schuetzenverein-eisingen.de\/wp-content\/uploads\/2026\/08\/IMG_3326-1024x768.jpeg 1024w, https:\/\/schuetzenverein-eisingen.de\/wp-content\/uploads\/2026\/08\/IMG_3326-300x225.jpeg 300w, https:\/\/schuetzenverein-eisingen.de\/wp-content\/uploads\/2026\/08\/IMG_3326-768x576.jpeg 768w, https:\/\/schuetzenverein-eisingen.de\/wp-content\/uploads\/2026\/08\/IMG_3326-1536x1152.jpeg 1536w, https:\/\/schuetzenverein-eisingen.de\/wp-content\/uploads\/2026\/08\/IMG_3326-2048x1536.jpeg 2048w\" sizes=\"auto, (max-width: 1024px) 100vw, 1024px\" \/><\/figure>\n\n\n\n<figure class=\"wp-block-image size-large\"><img loading=\"lazy\" decoding=\"async\" width=\"768\" height=\"1024\" data-id=\"1923\" src=\"https:\/\/schuetzenverein-eisingen.de\/wp-content\/uploads\/2026\/08\/IMG_3328-768x1024-1.jpeg\" alt=\"\" class=\"wp-image-1923\" srcset=\"https:\/\/schuetzenverein-eisingen.de\/wp-content\/uploads\/2026\/08\/IMG_3328-768x1024-1.jpeg 768w, https:\/\/schuetzenverein-eisingen.de\/wp-content\/uploads\/2026\/08\/IMG_3328-225x300-1.jpeg 225w, https:\/\/schuetzenverein-eisingen.de\/wp-content\/uploads\/2026\/08\/IMG_3328-432x576-1.jpeg 432w, https:\/\/schuetzenverein-eisingen.de\/wp-content\/uploads\/2026\/08\/IMG_3328-1152x1536-1.jpeg 1152w, https:\/\/schuetzenverein-eisingen.de\/wp-content\/uploads\/2026\/08\/IMG_3328-1536x2048-1.jpeg 1536w, https:\/\/schuetzenverein-eisingen.de\/wp-content\/uploads\/2026\/08\/IMG_3328-scaled-1.jpeg 1920w\" sizes=\"auto, (max-width: 768px) 100vw, 768px\" \/><\/figure>\n\n\n\n<figure class=\"wp-block-image size-large\"><img loading=\"lazy\" decoding=\"async\" width=\"1024\" height=\"728\" data-id=\"1922\" src=\"https:\/\/schuetzenverein-eisingen.de\/wp-content\/uploads\/2026\/08\/IMG_3334-1-1-1024x728.jpeg\" alt=\"\" class=\"wp-image-1922\" srcset=\"https:\/\/schuetzenverein-eisingen.de\/wp-content\/uploads\/2026\/08\/IMG_3334-1-1-1024x728.jpeg 1024w, https:\/\/schuetzenverein-eisingen.de\/wp-content\/uploads\/2026\/08\/IMG_3334-1-1-300x213.jpeg 300w, https:\/\/schuetzenverein-eisingen.de\/wp-content\/uploads\/2026\/08\/IMG_3334-1-1-767x545.jpeg 767w, https:\/\/schuetzenverein-eisingen.de\/wp-content\/uploads\/2026\/08\/IMG_3334-1-1-1536x1092.jpeg 1536w, https:\/\/schuetzenverein-eisingen.de\/wp-content\/uploads\/2026\/08\/IMG_3334-1-1-2048x1456.jpeg 2048w\" sizes=\"auto, (max-width: 1024px) 100vw, 1024px\" \/><\/figure>\n<\/figure>\n\n\n\n<p class=\"wp-block-paragraph\">Das Kelter- und Winzerfest bot dar\u00fcber hinaus ein abwechslungsreiches Rahmenprogramm. Der traditionelle Winzerlauf am Samstag sowie der \u00f6kumenische Gottesdienst am Sonntag sorgten f\u00fcr weitere H\u00f6hepunkte. An den zahlreichen St\u00e4nden der Vereine konnten sich die G\u00e4ste durch ein breites Angebot an Speisen und Getr\u00e4nken probieren. Die Vielfalt der kulinarischen Angebote, die gem\u00fctliche Atmosph\u00e4re rund um die Kelter und das engagierte Miteinander der Vereine machten das Fest zu einem besonderen Erlebnis f\u00fcr die ganze Familie.<\/p>\n\n\n\n<p class=\"wp-block-paragraph\">F\u00fcr den Sch\u00fctzenverein Eisingen war das Wochenende ein voller Erfolg. Die hervorragende Resonanz der Besucher, die vielen interessanten Gespr\u00e4che und die durchweg positive Stimmung zeigen einmal mehr, welchen wichtigen Beitrag die \u00f6rtlichen Vereine zum Gemeindeleben leisten.<\/p>\n\n\n\n<figure class=\"wp-block-gallery has-nested-images columns-default is-cropped wp-block-gallery-3 is-layout-flex wp-block-gallery-is-layout-flex\">\n<figure class=\"wp-block-image size-large\"><img loading=\"lazy\" decoding=\"async\" width=\"768\" height=\"1024\" data-id=\"1925\" src=\"https:\/\/schuetzenverein-eisingen.de\/wp-content\/uploads\/2026\/08\/IMG_3340-768x1024-1.jpeg\" alt=\"\" class=\"wp-image-1925\" srcset=\"https:\/\/schuetzenverein-eisingen.de\/wp-content\/uploads\/2026\/08\/IMG_3340-768x1024-1.jpeg 768w, https:\/\/schuetzenverein-eisingen.de\/wp-content\/uploads\/2026\/08\/IMG_3340-225x300-1.jpeg 225w, https:\/\/schuetzenverein-eisingen.de\/wp-content\/uploads\/2026\/08\/IMG_3340-432x576-1.jpeg 432w, https:\/\/schuetzenverein-eisingen.de\/wp-content\/uploads\/2026\/08\/IMG_3340-1152x1536-1.jpeg 1152w, https:\/\/schuetzenverein-eisingen.de\/wp-content\/uploads\/2026\/08\/IMG_3340-1536x2048-1.jpeg 1536w, https:\/\/schuetzenverein-eisingen.de\/wp-content\/uploads\/2026\/08\/IMG_3340-scaled-1.jpeg 1920w\" sizes=\"auto, (max-width: 768px) 100vw, 768px\" \/><\/figure>\n\n\n\n<figure class=\"wp-block-image size-large\"><img loading=\"lazy\" decoding=\"async\" width=\"1024\" height=\"768\" data-id=\"1927\" src=\"https:\/\/schuetzenverein-eisingen.de\/wp-content\/uploads\/2026\/08\/IMG_3341-1024x768.jpeg\" alt=\"\" class=\"wp-image-1927\" srcset=\"https:\/\/schuetzenverein-eisingen.de\/wp-content\/uploads\/2026\/08\/IMG_3341-1024x768.jpeg 1024w, https:\/\/schuetzenverein-eisingen.de\/wp-content\/uploads\/2026\/08\/IMG_3341-300x225.jpeg 300w, https:\/\/schuetzenverein-eisingen.de\/wp-content\/uploads\/2026\/08\/IMG_3341-768x576.jpeg 768w, https:\/\/schuetzenverein-eisingen.de\/wp-content\/uploads\/2026\/08\/IMG_3341-1536x1152.jpeg 1536w, https:\/\/schuetzenverein-eisingen.de\/wp-content\/uploads\/2026\/08\/IMG_3341-2048x1536.jpeg 2048w\" sizes=\"auto, (max-width: 1024px) 100vw, 1024px\" \/><\/figure>\n\n\n\n<figure class=\"wp-block-image size-large\"><img loading=\"lazy\" decoding=\"async\" width=\"768\" height=\"1024\" data-id=\"1926\" src=\"https:\/\/schuetzenverein-eisingen.de\/wp-content\/uploads\/2026\/08\/IMG_3342-768x1024-1.jpeg\" alt=\"\" class=\"wp-image-1926\" srcset=\"https:\/\/schuetzenverein-eisingen.de\/wp-content\/uploads\/2026\/08\/IMG_3342-768x1024-1.jpeg 768w, https:\/\/schuetzenverein-eisingen.de\/wp-content\/uploads\/2026\/08\/IMG_3342-225x300-1.jpeg 225w, https:\/\/schuetzenverein-eisingen.de\/wp-content\/uploads\/2026\/08\/IMG_3342-432x576-1.jpeg 432w, https:\/\/schuetzenverein-eisingen.de\/wp-content\/uploads\/2026\/08\/IMG_3342-1152x1536-1.jpeg 1152w, https:\/\/schuetzenverein-eisingen.de\/wp-content\/uploads\/2026\/08\/IMG_3342-1536x2048-1.jpeg 1536w, https:\/\/schuetzenverein-eisingen.de\/wp-content\/uploads\/2026\/08\/IMG_3342-scaled-1.jpeg 1920w\" sizes=\"auto, (max-width: 768px) 100vw, 768px\" \/><\/figure>\n<\/figure>\n\n\n\n<p class=\"wp-block-paragraph\">Der Sch\u00fctzenverein Eisingen bedankt sich herzlich bei allen G\u00e4sten, Helferinnen und Helfern sowie den Organisatoren des Kelter- und Winzerfestes f\u00fcr ein rundum gelungenes Festwochenende. Wir freuen uns schon heute auf das n\u00e4chste Kelter- und Winzerfest und darauf, viele bekannte und neue Gesichter wieder an unserer Schie\u00dfbude begr\u00fc\u00dfen zu d\u00fcrfen.<\/p>\n","protected":false},"excerpt":{"rendered":"<p>Volles Haus an der Schie\u00dfbude, tolle Stimmung und gro\u00dfes Interesse am Vereinsleben Am 29. und 30. August 2026 verwandelte sich [&hellip;]<\/p>\n","protected":false},"author":1,"featured_media":1918,"comment_status":"closed","ping_status":"open","sticky":false,"template":"","format":"standard","meta":{"site-sidebar-layout":"default","site-content-layout":"","ast-site-content-layout":"default","site-content-style":"default","site-sidebar-style":"default","ast-global-header-display":"","ast-banner-title-visibility":"","ast-main-header-display":"","ast-hfb-above-header-display":"","ast-hfb-below-header-display":"","ast-hfb-mobile-header-display":"","site-post-title":"","ast-breadcrumbs-content":"","ast-featured-img":"","footer-sml-layout":"","ast-disable-related-posts":"","theme-transparent-header-meta":"","adv-header-id-meta":"","stick-header-meta":"","header-above-stick-meta":"","header-main-stick-meta":"","header-below-stick-meta":"","astra-migrate-meta-layouts":"default","ast-page-background-enabled":"default","ast-page-background-meta":{"desktop":{"background-color":"var(--ast-global-color-5)","background-image":"","background-repeat":"repeat","background-position":"center center","background-size":"auto","background-attachment":"scroll","background-type":"","background-media":"","overlay-type":"","overlay-color":"","overlay-opacity":"","overlay-gradient":""},"tablet":{"background-color":"","background-image":"","background-repeat":"repeat","background-position":"center center","background-size":"auto","background-attachment":"scroll","background-type":"","background-media":"","overlay-type":"","overlay-color":"","overlay-opacity":"","overlay-gradient":""},"mobile":{"background-color":"","background-image":"","background-repeat":"repeat","background-position":"center center","background-size":"auto","background-attachment":"scroll","background-type":"","background-media":"","overlay-type":"","overlay-color":"","overlay-opacity":"","overlay-gradient":""}},"ast-content-background-meta":{"desktop":{"background-color":"var(--ast-global-color-4)","background-image":"","background-repeat":"repeat","background-position":"center center","background-size":"auto","background-attachment":"scroll","background-type":"","background-media":"","overlay-type":"","overlay-color":"","overlay-opacity":"","overlay-gradient":""},"tablet":{"background-color":"var(--ast-global-color-4)","background-image":"","background-repeat":"repeat","background-position":"center center","background-size":"auto","background-attachment":"scroll","background-type":"","background-media":"","overlay-type":"","overlay-color":"","overlay-opacity":"","overlay-gradient":""},"mobile":{"background-color":"var(--ast-global-color-4)","background-image":"","background-repeat":"repeat","background-position":"center center","background-size":"auto","background-attachment":"scroll","background-type":"","background-media":"","overlay-type":"","overlay-color":"","overlay-opacity":"","overlay-gradient":""}},"footnotes":""},"categories":[1,16],"tags":[],"class_list":["post-1912","post","type-post","status-publish","format-standard","has-post-thumbnail","hentry","category-allgemein","category-kugel"],"_links":{"self":[{"href":"https:\/\/schuetzenverein-eisingen.de\/index.php?rest_route=\/wp\/v2\/posts\/1912","targetHints":{"allow":["GET"]}}],"collection":[{"href":"https:\/\/schuetzenverein-eisingen.de\/index.php?rest_route=\/wp\/v2\/posts"}],"about":[{"href":"https:\/\/schuetzenverein-eisingen.de\/index.php?rest_route=\/wp\/v2\/types\/post"}],"author":[{"embeddable":true,"href":"https:\/\/schuetzenverein-eisingen.de\/index.php?rest_route=\/wp\/v2\/users\/1"}],"replies":[{"embeddable":true,"href":"https:\/\/schuetzenverein-eisingen.de\/index.php?rest_route=%2Fwp%2Fv2%2Fcomments&post=1912"}],"version-history":[{"count":7,"href":"https:\/\/schuetzenverein-eisingen.de\/index.php?rest_route=\/wp\/v2\/posts\/1912\/revisions"}],"predecessor-version":[{"id":1930,"href":"https:\/\/schuetzenverein-eisingen.de\/index.php?rest_route=\/wp\/v2\/posts\/1912\/revisions\/1930"}],"wp:featuredmedia":[{"embeddable":true,"href":"https:\/\/schuetzenverein-eisingen.de\/index.php?rest_route=\/wp\/v2\/media\/1918"}],"wp:attachment":[{"href":"https:\/\/schuetzenverein-eisingen.de\/index.php?rest_route=%2Fwp%2Fv2%2Fmedia&parent=1912"}],"wp:term":[{"taxonomy":"category","embeddable":true,"href":"https:\/\/schuetzenverein-eisingen.de\/index.php?rest_route=%2Fwp%2Fv2%2Fcategories&post=1912"},{"taxonomy":"post_tag","embeddable":true,"href":"https:\/\/schuetzenverein-eisingen.de\/index.php?rest_route=%2Fwp%2Fv2%2Ftags&post=1912"}],"curies":[{"name":"wp","href":"https:\/\/api.w.org\/{rel}","templated":true}]}}